{"id":469,"date":"2022-11-29T10:34:52","date_gmt":"2022-11-29T10:34:52","guid":{"rendered":"https:\/\/www.ploutos-origins.com\/?p=469"},"modified":"2024-04-29T09:51:17","modified_gmt":"2024-04-29T07:51:17","slug":"la-norme-en-16931-est-elle-en-retard-par-rapport-au-legislatif-francais","status":"publish","type":"post","link":"https:\/\/www.ploutos-origins.com\/index.php\/la-norme-en-16931-est-elle-en-retard-par-rapport-au-legislatif-francais\/","title":{"rendered":"La norme EN 16931 est-elle en retard par rapport au l\u00e9gislatif fran\u00e7ais ?"},"content":{"rendered":"\n<blockquote class=\"wp-block-quote is-layout-flow wp-block-quote-is-layout-flow\">\n<h4 class=\"has-text-align-center wp-block-heading\">\ud83c\udfaf R\u00e9sum\u00e9<\/h4>\n\n\n\n<p class=\"has-text-align-left has-medium-font-size\">En analysant les <a href=\"https:\/\/www.ploutos-origins.com\/index.php\/2022\/11\/21\/les-mentions-dune-facture-electronique\/\">mentions obligatoires<\/a> et leurs champs correspondants sur une facture \u00e9lectronique selon la norme EN 16931, nous montrons qu&#8217;il y a encore des mentions qui ne sont pas encore impl\u00e9ment\u00e9es, ou impl\u00e9ment\u00e9es partiellement.<\/p>\n<\/blockquote>\n\n\n\n<h2 class=\"has-text-align-center wp-block-heading\">La norme EN 16931<\/h2>\n\n\n\n<p class=\"has-medium-font-size\">Dans la norme EN 16931<sup><a href=\"#ref\">1<\/a><\/sup>, dat\u00e9e de 2019, les mentions sont structur\u00e9es dans des blocs appel\u00e9s <mark style=\"background-color:rgba(0, 0, 0, 0)\" class=\"has-inline-color has-golden-color\"><strong>BG (Business Group)<\/strong><\/mark>. Chaque BG regroupe un certain nombre de mentions, ou <mark style=\"background-color:rgba(0, 0, 0, 0)\" class=\"has-inline-color has-golden-color\"><strong>BT (Business Term)<\/strong><\/mark> qui repr\u00e9sentent une notion m\u00e9tier par exemple TVA, produits, assujetti, client, etc. Il y a 31 BG et 161 BT de base. Cette structure est illustr\u00e9e dans le graphe ci-dessous. Une PDP de demain devrait donc impl\u00e9menter cette structure et facilite la saisie de donn\u00e9es pour les utilisateurs finaux.<\/p>\n\n\n\n<figure class=\"gb-block-image gb-block-image-afd8fa6f\"><img loading=\"lazy\" decoding=\"async\" width=\"150\" height=\"219\" class=\"gb-image gb-image-afd8fa6f\" src=\"https:\/\/www.ploutos-origins.com\/wp-content\/uploads\/2022\/11\/structure-EN-16931.png\" alt=\"\" title=\"Article-4-Structure-EN-16931\"\/><\/figure>\n\n\n\n<h2 class=\"has-text-align-center wp-block-heading\">Les mentions obligatoires et leurs correspondances EN 16931<\/h2>\n\n\n\n<p class=\"has-medium-font-size\">L&#8217;\u00e9quipe Ploutos Origins a analys\u00e9 la norme EN 16931 pour trouver toutes les correspondances des mentions obligatoires d&#8217;une facture \u00e9lectronique fran\u00e7aise de demain. R\u00e9sumons les r\u00e9sultats dans le tableau suivant.<\/p>\n\n\n\n<blockquote class=\"wp-block-quote is-layout-flow wp-block-quote-is-layout-flow\">\n<p class=\"has-medium-font-size\"> \ud83d\ude0a <strong>Rappel<\/strong> : selon la norme EN 16931, une facture \u00e9lectronique est <a href=\"https:\/\/www.ploutos-origins.com\/index.php\/2022\/11\/02\/quest-ce-quune-facture-electronique\/\">un ensemble de mentions norm\u00e9es et structur\u00e9es<\/a>.<\/p>\n<\/blockquote>\n\n\n\n<figure class=\"wp-block-table has-small-font-size\"><table><tbody><tr><td><strong>Mentions fran\u00e7aises obligatoires<\/strong><\/td><td><strong>Correspondance EN 16931<\/strong><\/td><\/tr><tr><td>Num\u00e9ro d\u2019identit\u00e9 mentionn\u00e9 au premier alin\u00e9a de l\u2019article R 123-221 du code de commerce (SIREN) &#8211; client<\/td><td>BT-47<\/td><\/tr><tr><td>Num\u00e9ro individuel d\u2019identification pr\u00e9vu \u00e0 l\u2019article 286 ter du Code g\u00e9n\u00e9ral des imp\u00f4ts (n\u00b0TVA intracommunautaire) \u2013 client<\/td><td>BT-48<\/td><\/tr><tr><td>Date d&#8217;\u00e9mission de la facture<\/td><td>BT-2<\/td><\/tr><tr><td>Num\u00e9ro unique de la facture<\/td><td>BT-1<\/td><\/tr><tr><td>Total hors taxe par taux d\u2019imposition de la taxe<\/td><td>BT-116<\/td><\/tr><tr><td>Montant de la taxe correspondante par taux d\u2019imposition<\/td><td>BT-117<\/td><\/tr><tr><td>Taux de TVA applicable (\u00e0 diff\u00e9rencier si multiples)<\/td><td>BT-119<\/td><\/tr><tr><td>Somme totale \u00e0 payer HT<\/td><td>BT-109<\/td><\/tr><tr><td>Montant de la taxe \u00e0 payer<\/td><td>BT-110<\/td><\/tr><tr><td>Date de la livraison du bien ou de la fin d&#8217;ex\u00e9cution de la prestation<\/td><td>BT-72<\/td><\/tr><tr><td>En cas d\u2019exon\u00e9ration, la r\u00e9f\u00e9rence \u00e0 la disposition l\u00e9gale<\/td><td>BT-120<\/td><\/tr><tr><td>Mention &#8220;Autofacturation&#8221;<\/td><td>BT-3<\/td><\/tr><tr><td>Mention &#8220;Autoliquidation&#8221;<\/td><td>BT-120, BT-151, BT-152<\/td><\/tr><tr><td>Minoration de prix (rabais, remises, ristournes)<\/td><td>BT-147<\/td><\/tr><tr><td>D\u00e9nomination pr\u00e9cise du bien livr\u00e9 ou service rendu<\/td><td>BT-153<\/td><\/tr><tr><td>Quantit\u00e9 de biens livr\u00e9s ou services rendus<\/td><td>BT-129<\/td><\/tr><tr><td><mark style=\"background-color:rgba(0, 0, 0, 0)\" class=\"has-inline-color has-golden-color\">Mention d&#8217;escompte<\/mark><\/td><td><mark style=\"background-color:rgba(0, 0, 0, 0)\" class=\"has-inline-color has-golden-color\">NA<\/mark><\/td><\/tr><tr><td><mark style=\"background-color:rgba(0, 0, 0, 0)\" class=\"has-inline-color has-golden-color\">Eco-participation (art L.541-10) du code de l&#8217;environnement<\/mark><\/td><td><mark style=\"background-color:rgba(0, 0, 0, 0)\" class=\"has-inline-color has-golden-color\">NA<\/mark><\/td><\/tr><tr><td>Num\u00e9ro d\u2019identit\u00e9 mentionn\u00e9 au premier alin\u00e9a de l\u2019article R 123-221 du code de commerce (SIREN) \u2013 assujetti<\/td><td>BT-30<\/td><\/tr><tr><td>Num\u00e9ro individuel d\u2019identification pr\u00e9vu \u00e0 l\u2019article 286 ter du Code g\u00e9n\u00e9ral des imp\u00f4ts (n\u00b0TVA intracommunautaire) \u2013 repr\u00e9sentant fiscal de l\u2019assujetti<\/td><td>BT-63<\/td><\/tr><tr><td><mark style=\"background-color:rgba(0, 0, 0, 0)\" class=\"has-inline-color has-golden-color\">Mention cat\u00e9gorie de l\u2019op\u00e9ration : livraison de biens (LB) \/ prestation de services (PS) \/double (LBPS)<\/mark><\/td><td><mark style=\"background-color:rgba(0, 0, 0, 0)\" class=\"has-inline-color has-golden-color\">BT-158 ? *<\/mark><\/td><\/tr><tr><td>Num\u00e9ro de la facture rectifi\u00e9e en cas d\u2019\u00e9mission d\u2019une facture rectificative<\/td><td>BT-1<\/td><\/tr><tr><td><mark style=\"background-color:rgba(0, 0, 0, 0)\" class=\"has-inline-color has-golden-color\">Option pour le paiement de la taxe d\u2019apr\u00e8s les d\u00e9bits<\/mark><\/td><td><mark style=\"background-color:rgba(0, 0, 0, 0)\" class=\"has-inline-color has-golden-color\">NA<\/mark><\/td><\/tr><tr><td>Code\/d\u00e9signation devise de la facture<\/td><td>BT-5<\/td><\/tr><tr><td><mark style=\"background-color:rgba(0, 0, 0, 0)\" class=\"has-inline-color has-golden-color\">R\u00e9f\u00e9rence \u00e0 un r\u00e9gime particulier vis\u00e9 aux 15 et 16 du I de l\u2019article 242 nonies A<\/mark><\/td><td><mark style=\"background-color:rgba(0, 0, 0, 0)\" class=\"has-inline-color has-golden-color\">NA<\/mark><\/td><\/tr><tr><td><mark style=\"background-color:rgba(0, 0, 0, 0)\" class=\"has-inline-color has-golden-color\">Date de l\u2019acompte vers\u00e9 si elle est diff\u00e9rente de la date d\u2019\u00e9mission de la facture<\/mark><\/td><td><mark style=\"background-color:rgba(0, 0, 0, 0)\" class=\"has-inline-color has-golden-color\">NA<\/mark><\/td><\/tr><tr><td>Num\u00e9ro individuel d\u2019identification pr\u00e9vu \u00e0 l\u2019article 286 ter du Code g\u00e9n\u00e9ral des imp\u00f4ts (n\u00b0TVA intracommunautaire) \u2013 assujetti ou assujetti unique<\/td><td>EXT-B2B<\/td><\/tr><tr><td>Pays \u2013 assujetti<\/td><td>BT-40<\/td><\/tr><tr><td>Num\u00e9ro individuel d&#8217;identification pr\u00e9vu \u00e0 l&#8217;article 286 ter du Code g\u00e9n\u00e9ral des impots (n\u00b0 TVA intracommunautaire) &#8211; attribu\u00e9 au membre de l&#8217;assujetti unique<\/td><td>BT-31<\/td><\/tr><tr><td>Pays \u2013 client<\/td><td>BT-55<\/td><\/tr><tr><td><mark style=\"background-color:rgba(0, 0, 0, 0)\" class=\"has-inline-color has-golden-color\">Mention &#8220;Membre d&#8217;un assujetti unique&#8221;<\/mark><\/td><td><mark style=\"background-color:rgba(0, 0, 0, 0)\" class=\"has-inline-color has-golden-color\">EXT-B2B ? *<\/mark><\/td><\/tr><tr><td>Prix hors taxe de chaque bien livr\u00e9 ou service rendu<\/td><td>BT-146<\/td><\/tr><tr><td>Adresse de livraison \/ de r\u00e9alisation du service si diff\u00e9rente de l&#8217;adresse du client<\/td><td>BG-15<\/td><\/tr><tr><td>Date d&#8217;\u00e9mission de la facture rectifi\u00e9e en cas d&#8217;\u00e9mission de facture rectificative<\/td><td>BT-2<\/td><\/tr><\/tbody><\/table><figcaption class=\"wp-element-caption\"><em>* Ces mentions ne comportent \u00e0 notre sens pas de correspondance certaine avec la norme EN 16931. Nous avons toutefois choisi l&#8217;option de les publier mais avec une r\u00e9serve.<\/em><\/figcaption><\/figure>\n\n\n\n<h2 class=\"has-text-align-center wp-block-heading\">Conclusions<\/h2>\n\n\n\n<p>En analysant ce tableau, nous pouvons en d\u00e9gager trois points essentiels : <\/p>\n\n\n\n<ul class=\"has-dark-yellow-background-color has-background wp-block-list\">\n<li>De nouvelles notions seront appliqu\u00e9es en France et ne sont pas prises en compte dans la norme :\n<ul class=\"wp-block-list\">\n<li>\u00e9co-participation<\/li>\n\n\n\n<li>escompte<\/li>\n\n\n\n<li>option pour le paiement de la taxe d&#8217;apr\u00e8s les d\u00e9bits<\/li>\n\n\n\n<li>date de l&#8217;acompte.<\/li>\n<\/ul>\n<\/li>\n\n\n\n<li>La nouvelle notion d&#8217;assujetti unique est pr\u00e9vue mais son impl\u00e9mentation n&#8217;est pas encore finalis\u00e9e. Une nouvelle version de la norme europ\u00e9enne devrait encore mieux \u00e9claircir cette notion.<\/li>\n\n\n\n<li>Certains cas d&#8217;usage comme &#8220;auto-facturation&#8221; ou &#8220;auto-liquidation&#8221; n\u00e9cessitent l&#8217;usage de plusieurs mentions diff\u00e9rentes.<\/li>\n<\/ul>\n\n\n\n<p>\ud83d\udc49 <strong>En conclusion<\/strong>, <strong><mark style=\"background-color:rgba(0, 0, 0, 0)\" class=\"has-inline-color has-golden-color\">la norme EN 16931 est l\u00e9g\u00e8rement en retard par rapport \u00e0 la l\u00e9gislation fran\u00e7aise<\/mark><\/strong> actuelle concernant la facture \u00e9lectronique. <\/p>\n\n\n\n<h1 class=\"gb-headline gb-headline-5d9124a8 gb-headline-text\" id=\"ref\">R\u00e9f\u00e9rences<\/h1>\n\n\n\n<ol class=\"wp-block-list\">\n<li>Norme NF EN 16931-1 + A1 Novembre 2019 (<a href=\"https:\/\/www.boutique.afnor.org\/en-gb\/standard\/nf-en-169311-a1\/electronic-invoicing-part-1-semantic-data-model-of-the-core-elements-of-an-\/fa198719\/84245\" target=\"_blank\" rel=\"noreferrer noopener\">lien<\/a>)<\/li>\n<\/ol>\n\n\n\n<p class=\"has-text-align-center\">Si vous avez des questions sur la facture \u00e9lectronique, vous pouvez nous \u00e9crire via<\/p>\n\n\n<div class=\"gb-button-wrapper gb-button-wrapper-b1bdc69a\">\n\n<a class=\"gb-button gb-button-458dd1dc\" href=\"mailto:contact@ploutos-origins.com\"><span class=\"gb-icon\"><svg aria-hidden=\"true\" role=\"img\" height=\"1em\" width=\"1em\" viewBox=\"0 0 512 512\" xmlns=\"http:\/\/www.w3.org\/2000\/svg\"><path fill=\"currentColor\" d=\"M464 64H48C21.49 64 0 85.49 0 112v288c0 26.51 21.49 48 48 48h416c26.51 0 48-21.49 48-48V112c0-26.51-21.49-48-48-48zm0 48v40.805c-22.422 18.259-58.168 46.651-134.587 106.49-16.841 13.247-50.201 45.072-73.413 44.701-23.208.375-56.579-31.459-73.413-44.701C106.18 199.465 70.425 171.067 48 152.805V112h416zM48 400V214.398c22.914 18.251 55.409 43.862 104.938 82.646 21.857 17.205 60.134 55.186 103.062 54.955 42.717.231 80.509-37.199 103.053-54.947 49.528-38.783 82.032-64.401 104.947-82.653V400H48z\"><\/path><\/svg><\/span><span class=\"gb-button-text\"><strong>Nous contacter<\/strong><\/span><\/a>\n\n<\/div>","protected":false},"excerpt":{"rendered":"<p>\ud83c\udfaf R\u00e9sum\u00e9 En analysant les mentions obligatoires et leurs champs correspondants sur une facture \u00e9lectronique selon la norme EN 16931, nous montrons qu&#8217;il y a encore des mentions qui ne sont pas encore impl\u00e9ment\u00e9es, ou impl\u00e9ment\u00e9es partiellement. La norme EN 16931 Dans la norme EN 169311, dat\u00e9e de 2019, les mentions sont structur\u00e9es dans des &#8230; <a title=\"La norme EN 16931 est-elle en retard par rapport au l\u00e9gislatif fran\u00e7ais ?\" class=\"read-more\" href=\"https:\/\/www.ploutos-origins.com\/index.php\/la-norme-en-16931-est-elle-en-retard-par-rapport-au-legislatif-francais\/\" aria-label=\"Read more about La norme EN 16931 est-elle en retard par rapport au l\u00e9gislatif fran\u00e7ais ?\">Read more<\/a><\/p>\n","protected":false},"author":1,"featured_media":580,"comment_status":"closed","ping_status":"open","sticky":false,"template":"","format":"standard","meta":{"_sb_is_suggestion_mode":false,"_sb_show_suggestion_boards":false,"_sb_show_comment_boards":false,"_sb_suggestion_history":"","_sb_update_block_changes":"","content-type":"","_oasis_is_in_workflow":0,"_oasis_original":0,"_uag_custom_page_level_css":"","footnotes":""},"categories":[5,6,16,14],"tags":[17,9,15],"class_list":["post-469","post","type-post","status-publish","format-standard","has-post-thumbnail","hentry","category-destination-2024","category-e-invoicing","category-en16931","category-mentions","tag-en16931","tag-facture-electronique","tag-mentions-obligatoires"],"yoast_head":"<!-- This site is optimized with the Yoast SEO plugin v23.3 - https:\/\/yoast.com\/wordpress\/plugins\/seo\/ -->\n<title>La norme EN 16931 est-elle en retard par rapport au l\u00e9gislatif fran\u00e7ais ? - Ploutos Origins<\/title>\n<meta name=\"description\" content=\"En analysant les mentions obligatoires et leur champs correspondants sur une facture \u00e9lectronique selon la norme EN 16931, nous montrons qu&#039;il y a encore des mentions qui ne sont pas encore impl\u00e9ment\u00e9es, ou impl\u00e9ment\u00e9es partiellement.\" \/>\n<meta name=\"robots\" content=\"index, follow, max-snippet:-1, max-image-preview:large, max-video-preview:-1\" \/>\n<link rel=\"canonical\" href=\"https:\/\/www.ploutos-origins.com\/index.php\/la-norme-en-16931-est-elle-en-retard-par-rapport-au-legislatif-francais\/\" \/>\n<meta property=\"og:locale\" content=\"en_US\" \/>\n<meta property=\"og:type\" content=\"article\" \/>\n<meta property=\"og:title\" content=\"La norme EN 16931 est-elle en retard par rapport au l\u00e9gislatif fran\u00e7ais ? - Ploutos Origins\" \/>\n<meta property=\"og:description\" content=\"En analysant les mentions obligatoires et leur champs correspondants sur une facture \u00e9lectronique selon la norme EN 16931, nous montrons qu&#039;il y a encore des mentions qui ne sont pas encore impl\u00e9ment\u00e9es, ou impl\u00e9ment\u00e9es partiellement.\" \/>\n<meta property=\"og:url\" content=\"https:\/\/www.ploutos-origins.com\/index.php\/la-norme-en-16931-est-elle-en-retard-par-rapport-au-legislatif-francais\/\" \/>\n<meta property=\"og:site_name\" content=\"Ploutos Origins\" \/>\n<meta property=\"article:published_time\" content=\"2022-11-29T10:34:52+00:00\" \/>\n<meta property=\"article:modified_time\" content=\"2024-04-29T07:51:17+00:00\" \/>\n<meta property=\"og:image\" content=\"https:\/\/www.ploutos-origins.com\/wp-content\/uploads\/2022\/11\/NF.png\" \/>\n\t<meta property=\"og:image:width\" content=\"271\" \/>\n\t<meta property=\"og:image:height\" content=\"384\" \/>\n\t<meta property=\"og:image:type\" content=\"image\/png\" \/>\n<meta name=\"author\" content=\"Anh de Ploutos\" \/>\n<meta name=\"twitter:card\" content=\"summary_large_image\" \/>\n<meta name=\"twitter:label1\" content=\"Written by\" \/>\n\t<meta name=\"twitter:data1\" content=\"Anh de Ploutos\" \/>\n\t<meta name=\"twitter:label2\" content=\"Est. reading time\" \/>\n\t<meta name=\"twitter:data2\" content=\"4 minutes\" \/>\n<script type=\"application\/ld+json\" class=\"yoast-schema-graph\">{\"@context\":\"https:\/\/schema.org\",\"@graph\":[{\"@type\":\"Article\",\"@id\":\"https:\/\/www.ploutos-origins.com\/index.php\/la-norme-en-16931-est-elle-en-retard-par-rapport-au-legislatif-francais\/#article\",\"isPartOf\":{\"@id\":\"https:\/\/www.ploutos-origins.com\/index.php\/la-norme-en-16931-est-elle-en-retard-par-rapport-au-legislatif-francais\/\"},\"author\":{\"name\":\"Anh de Ploutos\",\"@id\":\"https:\/\/www.ploutos-origins.com\/#\/schema\/person\/504ddaa4ed71b5732677375617159ca1\"},\"headline\":\"La norme EN 16931 est-elle en retard par rapport au l\u00e9gislatif fran\u00e7ais ?\",\"datePublished\":\"2022-11-29T10:34:52+00:00\",\"dateModified\":\"2024-04-29T07:51:17+00:00\",\"mainEntityOfPage\":{\"@id\":\"https:\/\/www.ploutos-origins.com\/index.php\/la-norme-en-16931-est-elle-en-retard-par-rapport-au-legislatif-francais\/\"},\"wordCount\":800,\"publisher\":{\"@id\":\"https:\/\/www.ploutos-origins.com\/#organization\"},\"image\":{\"@id\":\"https:\/\/www.ploutos-origins.com\/index.php\/la-norme-en-16931-est-elle-en-retard-par-rapport-au-legislatif-francais\/#primaryimage\"},\"thumbnailUrl\":\"https:\/\/www.ploutos-origins.com\/wp-content\/uploads\/2022\/11\/NF.png\",\"keywords\":[\"en16931\",\"facture \u00e9lectronique\",\"mentions obligatoires\"],\"articleSection\":[\"Destination 2024\",\"E-invoicing\",\"EN16931\",\"Mentions\"],\"inLanguage\":\"en-US\"},{\"@type\":\"WebPage\",\"@id\":\"https:\/\/www.ploutos-origins.com\/index.php\/la-norme-en-16931-est-elle-en-retard-par-rapport-au-legislatif-francais\/\",\"url\":\"https:\/\/www.ploutos-origins.com\/index.php\/la-norme-en-16931-est-elle-en-retard-par-rapport-au-legislatif-francais\/\",\"name\":\"La norme EN 16931 est-elle en retard par rapport au l\u00e9gislatif fran\u00e7ais ? - Ploutos Origins\",\"isPartOf\":{\"@id\":\"https:\/\/www.ploutos-origins.com\/#website\"},\"primaryImageOfPage\":{\"@id\":\"https:\/\/www.ploutos-origins.com\/index.php\/la-norme-en-16931-est-elle-en-retard-par-rapport-au-legislatif-francais\/#primaryimage\"},\"image\":{\"@id\":\"https:\/\/www.ploutos-origins.com\/index.php\/la-norme-en-16931-est-elle-en-retard-par-rapport-au-legislatif-francais\/#primaryimage\"},\"thumbnailUrl\":\"https:\/\/www.ploutos-origins.com\/wp-content\/uploads\/2022\/11\/NF.png\",\"datePublished\":\"2022-11-29T10:34:52+00:00\",\"dateModified\":\"2024-04-29T07:51:17+00:00\",\"description\":\"En analysant les mentions obligatoires et leur champs correspondants sur une facture \u00e9lectronique selon la norme EN 16931, nous montrons qu'il y a encore des mentions qui ne sont pas encore impl\u00e9ment\u00e9es, ou impl\u00e9ment\u00e9es partiellement.\",\"breadcrumb\":{\"@id\":\"https:\/\/www.ploutos-origins.com\/index.php\/la-norme-en-16931-est-elle-en-retard-par-rapport-au-legislatif-francais\/#breadcrumb\"},\"inLanguage\":\"en-US\",\"potentialAction\":[{\"@type\":\"ReadAction\",\"target\":[\"https:\/\/www.ploutos-origins.com\/index.php\/la-norme-en-16931-est-elle-en-retard-par-rapport-au-legislatif-francais\/\"]}]},{\"@type\":\"ImageObject\",\"inLanguage\":\"en-US\",\"@id\":\"https:\/\/www.ploutos-origins.com\/index.php\/la-norme-en-16931-est-elle-en-retard-par-rapport-au-legislatif-francais\/#primaryimage\",\"url\":\"https:\/\/www.ploutos-origins.com\/wp-content\/uploads\/2022\/11\/NF.png\",\"contentUrl\":\"https:\/\/www.ploutos-origins.com\/wp-content\/uploads\/2022\/11\/NF.png\",\"width\":271,\"height\":384},{\"@type\":\"BreadcrumbList\",\"@id\":\"https:\/\/www.ploutos-origins.com\/index.php\/la-norme-en-16931-est-elle-en-retard-par-rapport-au-legislatif-francais\/#breadcrumb\",\"itemListElement\":[{\"@type\":\"ListItem\",\"position\":1,\"name\":\"Home\",\"item\":\"https:\/\/www.ploutos-origins.com\/\"},{\"@type\":\"ListItem\",\"position\":2,\"name\":\"La norme EN 16931 est-elle en retard par rapport au l\u00e9gislatif fran\u00e7ais ?\"}]},{\"@type\":\"WebSite\",\"@id\":\"https:\/\/www.ploutos-origins.com\/#website\",\"url\":\"https:\/\/www.ploutos-origins.com\/\",\"name\":\"Ploutos Origins\",\"description\":\"Le premier assistant IA commercial &amp; administratif\",\"publisher\":{\"@id\":\"https:\/\/www.ploutos-origins.com\/#organization\"},\"potentialAction\":[{\"@type\":\"SearchAction\",\"target\":{\"@type\":\"EntryPoint\",\"urlTemplate\":\"https:\/\/www.ploutos-origins.com\/?s={search_term_string}\"},\"query-input\":\"required name=search_term_string\"}],\"inLanguage\":\"en-US\"},{\"@type\":\"Organization\",\"@id\":\"https:\/\/www.ploutos-origins.com\/#organization\",\"name\":\"Ploutos Origins\",\"url\":\"https:\/\/www.ploutos-origins.com\/\",\"logo\":{\"@type\":\"ImageObject\",\"inLanguage\":\"en-US\",\"@id\":\"https:\/\/www.ploutos-origins.com\/#\/schema\/logo\/image\/\",\"url\":\"https:\/\/www.ploutos-origins.com\/wp-content\/uploads\/2022\/11\/cropped-logo-dark-background.png\",\"contentUrl\":\"https:\/\/www.ploutos-origins.com\/wp-content\/uploads\/2022\/11\/cropped-logo-dark-background.png\",\"width\":960,\"height\":677,\"caption\":\"Ploutos Origins\"},\"image\":{\"@id\":\"https:\/\/www.ploutos-origins.com\/#\/schema\/logo\/image\/\"},\"sameAs\":[\"https:\/\/www.linkedin.com\/company\/ploutos-origins\/\"]},{\"@type\":\"Person\",\"@id\":\"https:\/\/www.ploutos-origins.com\/#\/schema\/person\/504ddaa4ed71b5732677375617159ca1\",\"name\":\"Anh de Ploutos\",\"image\":{\"@type\":\"ImageObject\",\"inLanguage\":\"en-US\",\"@id\":\"https:\/\/www.ploutos-origins.com\/#\/schema\/person\/image\/\",\"url\":\"https:\/\/secure.gravatar.com\/avatar\/1228843186b30803d3a31b47b4595368?s=96&d=retro&r=g\",\"contentUrl\":\"https:\/\/secure.gravatar.com\/avatar\/1228843186b30803d3a31b47b4595368?s=96&d=retro&r=g\",\"caption\":\"Anh de Ploutos\"},\"sameAs\":[\"http:\/\/www.ploutos-origins.com\"],\"url\":\"https:\/\/www.ploutos-origins.com\/index.php\/author\/anh\/\"}]}<\/script>\n<!-- \/ Yoast SEO plugin. -->","yoast_head_json":{"title":"La norme EN 16931 est-elle en retard par rapport au l\u00e9gislatif fran\u00e7ais ? - Ploutos Origins","description":"En analysant les mentions obligatoires et leur champs correspondants sur une facture \u00e9lectronique selon la norme EN 16931, nous montrons qu'il y a encore des mentions qui ne sont pas encore impl\u00e9ment\u00e9es, ou impl\u00e9ment\u00e9es partiellement.","robots":{"index":"index","follow":"follow","max-snippet":"max-snippet:-1","max-image-preview":"max-image-preview:large","max-video-preview":"max-video-preview:-1"},"canonical":"https:\/\/www.ploutos-origins.com\/index.php\/la-norme-en-16931-est-elle-en-retard-par-rapport-au-legislatif-francais\/","og_locale":"en_US","og_type":"article","og_title":"La norme EN 16931 est-elle en retard par rapport au l\u00e9gislatif fran\u00e7ais ? - Ploutos Origins","og_description":"En analysant les mentions obligatoires et leur champs correspondants sur une facture \u00e9lectronique selon la norme EN 16931, nous montrons qu'il y a encore des mentions qui ne sont pas encore impl\u00e9ment\u00e9es, ou impl\u00e9ment\u00e9es partiellement.","og_url":"https:\/\/www.ploutos-origins.com\/index.php\/la-norme-en-16931-est-elle-en-retard-par-rapport-au-legislatif-francais\/","og_site_name":"Ploutos Origins","article_published_time":"2022-11-29T10:34:52+00:00","article_modified_time":"2024-04-29T07:51:17+00:00","og_image":[{"width":271,"height":384,"url":"https:\/\/www.ploutos-origins.com\/wp-content\/uploads\/2022\/11\/NF.png","type":"image\/png"}],"author":"Anh de Ploutos","twitter_card":"summary_large_image","twitter_misc":{"Written by":"Anh de Ploutos","Est. reading time":"4 minutes"},"schema":{"@context":"https:\/\/schema.org","@graph":[{"@type":"Article","@id":"https:\/\/www.ploutos-origins.com\/index.php\/la-norme-en-16931-est-elle-en-retard-par-rapport-au-legislatif-francais\/#article","isPartOf":{"@id":"https:\/\/www.ploutos-origins.com\/index.php\/la-norme-en-16931-est-elle-en-retard-par-rapport-au-legislatif-francais\/"},"author":{"name":"Anh de Ploutos","@id":"https:\/\/www.ploutos-origins.com\/#\/schema\/person\/504ddaa4ed71b5732677375617159ca1"},"headline":"La norme EN 16931 est-elle en retard par rapport au l\u00e9gislatif fran\u00e7ais ?","datePublished":"2022-11-29T10:34:52+00:00","dateModified":"2024-04-29T07:51:17+00:00","mainEntityOfPage":{"@id":"https:\/\/www.ploutos-origins.com\/index.php\/la-norme-en-16931-est-elle-en-retard-par-rapport-au-legislatif-francais\/"},"wordCount":800,"publisher":{"@id":"https:\/\/www.ploutos-origins.com\/#organization"},"image":{"@id":"https:\/\/www.ploutos-origins.com\/index.php\/la-norme-en-16931-est-elle-en-retard-par-rapport-au-legislatif-francais\/#primaryimage"},"thumbnailUrl":"https:\/\/www.ploutos-origins.com\/wp-content\/uploads\/2022\/11\/NF.png","keywords":["en16931","facture \u00e9lectronique","mentions obligatoires"],"articleSection":["Destination 2024","E-invoicing","EN16931","Mentions"],"inLanguage":"en-US"},{"@type":"WebPage","@id":"https:\/\/www.ploutos-origins.com\/index.php\/la-norme-en-16931-est-elle-en-retard-par-rapport-au-legislatif-francais\/","url":"https:\/\/www.ploutos-origins.com\/index.php\/la-norme-en-16931-est-elle-en-retard-par-rapport-au-legislatif-francais\/","name":"La norme EN 16931 est-elle en retard par rapport au l\u00e9gislatif fran\u00e7ais ? - Ploutos Origins","isPartOf":{"@id":"https:\/\/www.ploutos-origins.com\/#website"},"primaryImageOfPage":{"@id":"https:\/\/www.ploutos-origins.com\/index.php\/la-norme-en-16931-est-elle-en-retard-par-rapport-au-legislatif-francais\/#primaryimage"},"image":{"@id":"https:\/\/www.ploutos-origins.com\/index.php\/la-norme-en-16931-est-elle-en-retard-par-rapport-au-legislatif-francais\/#primaryimage"},"thumbnailUrl":"https:\/\/www.ploutos-origins.com\/wp-content\/uploads\/2022\/11\/NF.png","datePublished":"2022-11-29T10:34:52+00:00","dateModified":"2024-04-29T07:51:17+00:00","description":"En analysant les mentions obligatoires et leur champs correspondants sur une facture \u00e9lectronique selon la norme EN 16931, nous montrons qu'il y a encore des mentions qui ne sont pas encore impl\u00e9ment\u00e9es, ou impl\u00e9ment\u00e9es partiellement.","breadcrumb":{"@id":"https:\/\/www.ploutos-origins.com\/index.php\/la-norme-en-16931-est-elle-en-retard-par-rapport-au-legislatif-francais\/#breadcrumb"},"inLanguage":"en-US","potentialAction":[{"@type":"ReadAction","target":["https:\/\/www.ploutos-origins.com\/index.php\/la-norme-en-16931-est-elle-en-retard-par-rapport-au-legislatif-francais\/"]}]},{"@type":"ImageObject","inLanguage":"en-US","@id":"https:\/\/www.ploutos-origins.com\/index.php\/la-norme-en-16931-est-elle-en-retard-par-rapport-au-legislatif-francais\/#primaryimage","url":"https:\/\/www.ploutos-origins.com\/wp-content\/uploads\/2022\/11\/NF.png","contentUrl":"https:\/\/www.ploutos-origins.com\/wp-content\/uploads\/2022\/11\/NF.png","width":271,"height":384},{"@type":"BreadcrumbList","@id":"https:\/\/www.ploutos-origins.com\/index.php\/la-norme-en-16931-est-elle-en-retard-par-rapport-au-legislatif-francais\/#breadcrumb","itemListElement":[{"@type":"ListItem","position":1,"name":"Home","item":"https:\/\/www.ploutos-origins.com\/"},{"@type":"ListItem","position":2,"name":"La norme EN 16931 est-elle en retard par rapport au l\u00e9gislatif fran\u00e7ais ?"}]},{"@type":"WebSite","@id":"https:\/\/www.ploutos-origins.com\/#website","url":"https:\/\/www.ploutos-origins.com\/","name":"Ploutos Origins","description":"Le premier assistant IA commercial &amp; administratif","publisher":{"@id":"https:\/\/www.ploutos-origins.com\/#organization"},"potentialAction":[{"@type":"SearchAction","target":{"@type":"EntryPoint","urlTemplate":"https:\/\/www.ploutos-origins.com\/?s={search_term_string}"},"query-input":"required name=search_term_string"}],"inLanguage":"en-US"},{"@type":"Organization","@id":"https:\/\/www.ploutos-origins.com\/#organization","name":"Ploutos Origins","url":"https:\/\/www.ploutos-origins.com\/","logo":{"@type":"ImageObject","inLanguage":"en-US","@id":"https:\/\/www.ploutos-origins.com\/#\/schema\/logo\/image\/","url":"https:\/\/www.ploutos-origins.com\/wp-content\/uploads\/2022\/11\/cropped-logo-dark-background.png","contentUrl":"https:\/\/www.ploutos-origins.com\/wp-content\/uploads\/2022\/11\/cropped-logo-dark-background.png","width":960,"height":677,"caption":"Ploutos Origins"},"image":{"@id":"https:\/\/www.ploutos-origins.com\/#\/schema\/logo\/image\/"},"sameAs":["https:\/\/www.linkedin.com\/company\/ploutos-origins\/"]},{"@type":"Person","@id":"https:\/\/www.ploutos-origins.com\/#\/schema\/person\/504ddaa4ed71b5732677375617159ca1","name":"Anh de Ploutos","image":{"@type":"ImageObject","inLanguage":"en-US","@id":"https:\/\/www.ploutos-origins.com\/#\/schema\/person\/image\/","url":"https:\/\/secure.gravatar.com\/avatar\/1228843186b30803d3a31b47b4595368?s=96&d=retro&r=g","contentUrl":"https:\/\/secure.gravatar.com\/avatar\/1228843186b30803d3a31b47b4595368?s=96&d=retro&r=g","caption":"Anh de Ploutos"},"sameAs":["http:\/\/www.ploutos-origins.com"],"url":"https:\/\/www.ploutos-origins.com\/index.php\/author\/anh\/"}]}},"uagb_featured_image_src":{"full":["https:\/\/www.ploutos-origins.com\/wp-content\/uploads\/2022\/11\/NF.png",271,384,false],"thumbnail":["https:\/\/www.ploutos-origins.com\/wp-content\/uploads\/2022\/11\/NF-150x150.png",150,150,true],"medium":["https:\/\/www.ploutos-origins.com\/wp-content\/uploads\/2022\/11\/NF-212x300.png",212,300,true],"medium_large":["https:\/\/www.ploutos-origins.com\/wp-content\/uploads\/2022\/11\/NF.png",271,384,false],"large":["https:\/\/www.ploutos-origins.com\/wp-content\/uploads\/2022\/11\/NF.png",271,384,false],"1536x1536":["https:\/\/www.ploutos-origins.com\/wp-content\/uploads\/2022\/11\/NF.png",271,384,false],"2048x2048":["https:\/\/www.ploutos-origins.com\/wp-content\/uploads\/2022\/11\/NF.png",271,384,false]},"uagb_author_info":{"display_name":"Anh de Ploutos","author_link":"https:\/\/www.ploutos-origins.com\/index.php\/author\/anh\/"},"uagb_comment_info":0,"uagb_excerpt":"\ud83c\udfaf R\u00e9sum\u00e9 En analysant les mentions obligatoires et leurs champs correspondants sur une facture \u00e9lectronique selon la norme EN 16931, nous montrons qu&#8217;il y a encore des mentions qui ne sont pas encore impl\u00e9ment\u00e9es, ou impl\u00e9ment\u00e9es partiellement. La norme EN 16931 Dans la norme EN 169311, dat\u00e9e de 2019, les mentions sont structur\u00e9es dans des&hellip;","_links":{"self":[{"href":"https:\/\/www.ploutos-origins.com\/index.php\/wp-json\/wp\/v2\/posts\/469"}],"collection":[{"href":"https:\/\/www.ploutos-origins.com\/index.php\/wp-json\/wp\/v2\/posts"}],"about":[{"href":"https:\/\/www.ploutos-origins.com\/index.php\/wp-json\/wp\/v2\/types\/post"}],"author":[{"embeddable":true,"href":"https:\/\/www.ploutos-origins.com\/index.php\/wp-json\/wp\/v2\/users\/1"}],"replies":[{"embeddable":true,"href":"https:\/\/www.ploutos-origins.com\/index.php\/wp-json\/wp\/v2\/comments?post=469"}],"version-history":[{"count":2,"href":"https:\/\/www.ploutos-origins.com\/index.php\/wp-json\/wp\/v2\/posts\/469\/revisions"}],"predecessor-version":[{"id":6661,"href":"https:\/\/www.ploutos-origins.com\/index.php\/wp-json\/wp\/v2\/posts\/469\/revisions\/6661"}],"wp:featuredmedia":[{"embeddable":true,"href":"https:\/\/www.ploutos-origins.com\/index.php\/wp-json\/wp\/v2\/media\/580"}],"wp:attachment":[{"href":"https:\/\/www.ploutos-origins.com\/index.php\/wp-json\/wp\/v2\/media?parent=469"}],"wp:term":[{"taxonomy":"category","embeddable":true,"href":"https:\/\/www.ploutos-origins.com\/index.php\/wp-json\/wp\/v2\/categories?post=469"},{"taxonomy":"post_tag","embeddable":true,"href":"https:\/\/www.ploutos-origins.com\/index.php\/wp-json\/wp\/v2\/tags?post=469"}],"curies":[{"name":"wp","href":"https:\/\/api.w.org\/{rel}","templated":true}]}}